{"id":95,"date":"2025-10-09T18:14:40","date_gmt":"2025-10-09T18:14:40","guid":{"rendered":"http:\/\/alice-sylt.de\/?p=95"},"modified":"2026-04-01T14:58:29","modified_gmt":"2026-04-01T14:58:29","slug":"last-minute-nach-sylt","status":"publish","type":"post","link":"http:\/\/alice-sylt.de\/?p=95","title":{"rendered":"Last Minute nach Sylt"},"content":{"rendered":"\n<figure class=\"wp-block-image size-large\"><img data-recalc-dims=\"1\" loading=\"lazy\" decoding=\"async\" width=\"525\" height=\"350\" data-attachment-id=\"538\" data-permalink=\"http:\/\/alice-sylt.de\/?attachment_id=538\" data-orig-file=\"https:\/\/i0.wp.com\/alice-sylt.de\/wp-content\/uploads\/2018\/06\/Diele.jpg?fit=1502%2C1001\" data-orig-size=\"1502,1001\" data-comments-opened=\"1\" data-image-meta=\"{&quot;aperture&quot;:&quot;4&quot;,&quot;credit&quot;:&quot;&quot;,&quot;camera&quot;:&quot;Canon EOS 80D&quot;,&quot;caption&quot;:&quot;&quot;,&quot;created_timestamp&quot;:&quot;1699101377&quot;,&quot;copyright&quot;:&quot;&quot;,&quot;focal_length&quot;:&quot;18&quot;,&quot;iso&quot;:&quot;800&quot;,&quot;shutter_speed&quot;:&quot;0.016666666666667&quot;,&quot;title&quot;:&quot;&quot;,&quot;orientation&quot;:&quot;1&quot;}\" data-image-title=\"Diele\" data-image-description=\"\" data-image-caption=\"\" data-large-file=\"https:\/\/i0.wp.com\/alice-sylt.de\/wp-content\/uploads\/2018\/06\/Diele.jpg?fit=525%2C350\" src=\"https:\/\/i0.wp.com\/alice-sylt.de\/wp-content\/uploads\/2018\/06\/Diele.jpg?resize=525%2C350\" alt=\"\" class=\"wp-image-538\" srcset=\"https:\/\/i0.wp.com\/alice-sylt.de\/wp-content\/uploads\/2018\/06\/Diele.jpg?resize=1024%2C682 1024w, https:\/\/i0.wp.com\/alice-sylt.de\/wp-content\/uploads\/2018\/06\/Diele.jpg?resize=300%2C200 300w, https:\/\/i0.wp.com\/alice-sylt.de\/wp-content\/uploads\/2018\/06\/Diele.jpg?resize=768%2C512 768w, https:\/\/i0.wp.com\/alice-sylt.de\/wp-content\/uploads\/2018\/06\/Diele.jpg?w=1502 1502w\" sizes=\"auto, (max-width: 767px) 89vw, (max-width: 1000px) 54vw, (max-width: 1071px) 543px, 580px\" \/><\/figure>\n\n\n<p>Ab dem 12.10. k\u00f6nnen Sie f\u00fcr Ihren Herbsturlaub oder ein paar sch\u00f6ne und erholsame Tage auf Sylt die Ferienwohnung im Haus Eidum zum Last Minute Preis buchen.<\/p>\n<p><img data-recalc-dims=\"1\" loading=\"lazy\" decoding=\"async\" data-attachment-id=\"538\" data-permalink=\"http:\/\/alice-sylt.de\/?attachment_id=538\" data-orig-file=\"https:\/\/i0.wp.com\/alice-sylt.de\/wp-content\/uploads\/2018\/06\/Diele.jpg?fit=1502%2C1001\" data-orig-size=\"1502,1001\" data-comments-opened=\"1\" data-image-meta=\"{&quot;aperture&quot;:&quot;4&quot;,&quot;credit&quot;:&quot;&quot;,&quot;camera&quot;:&quot;Canon EOS 80D&quot;,&quot;caption&quot;:&quot;&quot;,&quot;created_timestamp&quot;:&quot;1699101377&quot;,&quot;copyright&quot;:&quot;&quot;,&quot;focal_length&quot;:&quot;18&quot;,&quot;iso&quot;:&quot;800&quot;,&quot;shutter_speed&quot;:&quot;0.016666666666667&quot;,&quot;title&quot;:&quot;&quot;,&quot;orientation&quot;:&quot;1&quot;}\" data-image-title=\"Diele\" data-image-description=\"\" data-image-caption=\"\" data-large-file=\"https:\/\/i0.wp.com\/alice-sylt.de\/wp-content\/uploads\/2018\/06\/Diele.jpg?fit=525%2C350\" class=\"alignnone size-medium wp-image-538\" src=\"https:\/\/i0.wp.com\/alice-sylt.de\/wp-content\/uploads\/2018\/06\/Diele-300x200.jpg?resize=300%2C200&#038;ssl=1\" alt=\"\" width=\"300\" height=\"200\" srcset=\"https:\/\/i0.wp.com\/alice-sylt.de\/wp-content\/uploads\/2018\/06\/Diele.jpg?resize=300%2C200 300w, https:\/\/i0.wp.com\/alice-sylt.de\/wp-content\/uploads\/2018\/06\/Diele.jpg?resize=1024%2C682 1024w, https:\/\/i0.wp.com\/alice-sylt.de\/wp-content\/uploads\/2018\/06\/Diele.jpg?resize=768%2C512 768w, https:\/\/i0.wp.com\/alice-sylt.de\/wp-content\/uploads\/2018\/06\/Diele.jpg?w=1502 1502w\" sizes=\"auto, (max-width: 300px) 100vw, 300px\" \/><\/p>\n<p>Die Mindestbuchungsdauer betr\u00e4gt 5 \u00dcbernachtungen und sparen k\u00f6nnen Sie 20 % auf den Mietpreis.<\/p>\n<p><img data-recalc-dims=\"1\" loading=\"lazy\" decoding=\"async\" data-attachment-id=\"542\" data-permalink=\"http:\/\/alice-sylt.de\/?attachment_id=542\" data-orig-file=\"https:\/\/i0.wp.com\/alice-sylt.de\/wp-content\/uploads\/2018\/06\/Kueche-scaled.jpg?fit=2560%2C1708\" data-orig-size=\"2560,1708\" data-comments-opened=\"1\" data-image-meta=\"{&quot;aperture&quot;:&quot;0&quot;,&quot;credit&quot;:&quot;&quot;,&quot;camera&quot;:&quot;&quot;,&quot;caption&quot;:&quot;&quot;,&quot;created_timestamp&quot;:&quot;0&quot;,&quot;copyright&quot;:&quot;&quot;,&quot;focal_length&quot;:&quot;0&quot;,&quot;iso&quot;:&quot;0&quot;,&quot;shutter_speed&quot;:&quot;0&quot;,&quot;title&quot;:&quot;&quot;,&quot;orientation&quot;:&quot;0&quot;}\" data-image-title=\"Kueche\" data-image-description=\"\" data-image-caption=\"\" data-large-file=\"https:\/\/i0.wp.com\/alice-sylt.de\/wp-content\/uploads\/2018\/06\/Kueche-scaled.jpg?fit=525%2C350\" class=\"alignnone size-medium wp-image-542\" src=\"https:\/\/i0.wp.com\/alice-sylt.de\/wp-content\/uploads\/2018\/06\/Kueche-300x200.jpg?resize=300%2C200&#038;ssl=1\" alt=\"\" width=\"300\" height=\"200\" srcset=\"https:\/\/i0.wp.com\/alice-sylt.de\/wp-content\/uploads\/2018\/06\/Kueche-scaled.jpg?resize=300%2C200 300w, https:\/\/i0.wp.com\/alice-sylt.de\/wp-content\/uploads\/2018\/06\/Kueche-scaled.jpg?resize=1024%2C683 1024w, https:\/\/i0.wp.com\/alice-sylt.de\/wp-content\/uploads\/2018\/06\/Kueche-scaled.jpg?resize=768%2C513 768w, https:\/\/i0.wp.com\/alice-sylt.de\/wp-content\/uploads\/2018\/06\/Kueche-scaled.jpg?resize=1536%2C1025 1536w, https:\/\/i0.wp.com\/alice-sylt.de\/wp-content\/uploads\/2018\/06\/Kueche-scaled.jpg?resize=2048%2C1367 2048w\" sizes=\"auto, (max-width: 300px) 100vw, 300px\" \/><\/p>\n<p>Also schnell buchen, die Koffer packen und ab nach Sylt.<\/p>\n<p><img data-recalc-dims=\"1\" loading=\"lazy\" decoding=\"async\" data-attachment-id=\"540\" data-permalink=\"http:\/\/alice-sylt.de\/?attachment_id=540\" data-orig-file=\"https:\/\/i0.wp.com\/alice-sylt.de\/wp-content\/uploads\/2018\/06\/Wohnen.jpg?fit=1500%2C1000\" data-orig-size=\"1500,1000\" data-comments-opened=\"1\" data-image-meta=\"{&quot;aperture&quot;:&quot;0&quot;,&quot;credit&quot;:&quot;&quot;,&quot;camera&quot;:&quot;&quot;,&quot;caption&quot;:&quot;&quot;,&quot;created_timestamp&quot;:&quot;0&quot;,&quot;copyright&quot;:&quot;&quot;,&quot;focal_length&quot;:&quot;0&quot;,&quot;iso&quot;:&quot;0&quot;,&quot;shutter_speed&quot;:&quot;0&quot;,&quot;title&quot;:&quot;&quot;,&quot;orientation&quot;:&quot;1&quot;}\" data-image-title=\"Wohnen\" data-image-description=\"\" data-image-caption=\"\" data-large-file=\"https:\/\/i0.wp.com\/alice-sylt.de\/wp-content\/uploads\/2018\/06\/Wohnen.jpg?fit=525%2C350\" class=\"alignnone size-medium wp-image-540\" src=\"https:\/\/i0.wp.com\/alice-sylt.de\/wp-content\/uploads\/2018\/06\/Wohnen-300x200.jpg?resize=300%2C200&#038;ssl=1\" alt=\"\" width=\"300\" height=\"200\" srcset=\"https:\/\/i0.wp.com\/alice-sylt.de\/wp-content\/uploads\/2018\/06\/Wohnen.jpg?resize=300%2C200 300w, https:\/\/i0.wp.com\/alice-sylt.de\/wp-content\/uploads\/2018\/06\/Wohnen.jpg?resize=1024%2C683 1024w, https:\/\/i0.wp.com\/alice-sylt.de\/wp-content\/uploads\/2018\/06\/Wohnen.jpg?resize=768%2C512 768w, https:\/\/i0.wp.com\/alice-sylt.de\/wp-content\/uploads\/2018\/06\/Wohnen.jpg?w=1500 1500w\" sizes=\"auto, (max-width: 300px) 100vw, 300px\" \/> <img data-recalc-dims=\"1\" loading=\"lazy\" decoding=\"async\" data-attachment-id=\"541\" data-permalink=\"http:\/\/alice-sylt.de\/?attachment_id=541\" data-orig-file=\"https:\/\/i0.wp.com\/alice-sylt.de\/wp-content\/uploads\/2018\/06\/Schlafen.jpg?fit=1500%2C1000\" data-orig-size=\"1500,1000\" data-comments-opened=\"1\" data-image-meta=\"{&quot;aperture&quot;:&quot;0&quot;,&quot;credit&quot;:&quot;&quot;,&quot;camera&quot;:&quot;&quot;,&quot;caption&quot;:&quot;&quot;,&quot;created_timestamp&quot;:&quot;0&quot;,&quot;copyright&quot;:&quot;&quot;,&quot;focal_length&quot;:&quot;0&quot;,&quot;iso&quot;:&quot;0&quot;,&quot;shutter_speed&quot;:&quot;0&quot;,&quot;title&quot;:&quot;&quot;,&quot;orientation&quot;:&quot;1&quot;}\" data-image-title=\"Schlafen\" data-image-description=\"\" data-image-caption=\"\" data-large-file=\"https:\/\/i0.wp.com\/alice-sylt.de\/wp-content\/uploads\/2018\/06\/Schlafen.jpg?fit=525%2C350\" class=\"alignnone size-medium wp-image-541\" src=\"https:\/\/i0.wp.com\/alice-sylt.de\/wp-content\/uploads\/2018\/06\/Schlafen-300x200.jpg?resize=300%2C200&#038;ssl=1\" alt=\"\" width=\"300\" height=\"200\" srcset=\"https:\/\/i0.wp.com\/alice-sylt.de\/wp-content\/uploads\/2018\/06\/Schlafen.jpg?resize=300%2C200 300w, https:\/\/i0.wp.com\/alice-sylt.de\/wp-content\/uploads\/2018\/06\/Schlafen.jpg?resize=1024%2C683 1024w, https:\/\/i0.wp.com\/alice-sylt.de\/wp-content\/uploads\/2018\/06\/Schlafen.jpg?resize=768%2C512 768w, https:\/\/i0.wp.com\/alice-sylt.de\/wp-content\/uploads\/2018\/06\/Schlafen.jpg?w=1500 1500w\" sizes=\"auto, (max-width: 300px) 100vw, 300px\" \/><\/p>\n<p>Weitere Informationen zur Wohnung finden Sie hier.<\/p>\n<p><a href=\"https:\/\/syltservice.de\/haus%20eidum.htm\">haus eidum<\/a><\/p>\n<p>&nbsp;<\/p>\n\n\n<figure class=\"wp-block-image size-large\"><img data-recalc-dims=\"1\" loading=\"lazy\" decoding=\"async\" width=\"525\" height=\"350\" data-attachment-id=\"232\" data-permalink=\"http:\/\/alice-sylt.de\/?attachment_id=232\" data-orig-file=\"https:\/\/i0.wp.com\/alice-sylt.de\/wp-content\/uploads\/2018\/09\/Sonne_Meer.jpg?fit=1400%2C933\" data-orig-size=\"1400,933\" data-comments-opened=\"1\" data-image-meta=\"{&quot;aperture&quot;:&quot;22&quot;,&quot;credit&quot;:&quot;&quot;,&quot;camera&quot;:&quot;Canon EOS 650D&quot;,&quot;caption&quot;:&quot;&quot;,&quot;created_timestamp&quot;:&quot;1404939114&quot;,&quot;copyright&quot;:&quot;&quot;,&quot;focal_length&quot;:&quot;25&quot;,&quot;iso&quot;:&quot;100&quot;,&quot;shutter_speed&quot;:&quot;0.008&quot;,&quot;title&quot;:&quot;&quot;,&quot;orientation&quot;:&quot;1&quot;}\" data-image-title=\"Sonne_Meer\" data-image-description=\"\" data-image-caption=\"\" data-large-file=\"https:\/\/i0.wp.com\/alice-sylt.de\/wp-content\/uploads\/2018\/09\/Sonne_Meer.jpg?fit=525%2C350\" src=\"https:\/\/i0.wp.com\/alice-sylt.de\/wp-content\/uploads\/2018\/09\/Sonne_Meer.jpg?resize=525%2C350\" alt=\"\" class=\"wp-image-232\" srcset=\"https:\/\/i0.wp.com\/alice-sylt.de\/wp-content\/uploads\/2018\/09\/Sonne_Meer.jpg?resize=1024%2C682 1024w, https:\/\/i0.wp.com\/alice-sylt.de\/wp-content\/uploads\/2018\/09\/Sonne_Meer.jpg?resize=300%2C200 300w, https:\/\/i0.wp.com\/alice-sylt.de\/wp-content\/uploads\/2018\/09\/Sonne_Meer.jpg?resize=768%2C512 768w, https:\/\/i0.wp.com\/alice-sylt.de\/wp-content\/uploads\/2018\/09\/Sonne_Meer.jpg?w=1400 1400w\" sizes=\"auto, (max-width: 767px) 89vw, (max-width: 1000px) 54vw, (max-width: 1071px) 543px, 580px\" \/><\/figure>\n\n\n\n<p>\u00dcber Ostern nach Sylt und sparen? Last Minute Preis minus 20 % bei Ihrer Buchung im Haus Eidum in Westerland. 200 Meter vom Strand entfernt.<\/p>\n\n\n\n<p><a href=\"https:\/\/www.syltservice.de\/haus%20eidum.htm\">https:\/\/www.syltservice.de\/haus%20eidum.htm<\/a><\/p>\n\n\n\n<p><\/p>\n","protected":false},"excerpt":{"rendered":"<p>Ab dem 12.10. k\u00f6nnen Sie f\u00fcr Ihren Herbsturlaub oder ein paar sch\u00f6ne und erholsame Tage auf Sylt die Ferienwohnung im Haus Eidum zum Last Minute Preis buchen. Die Mindestbuchungsdauer betr\u00e4gt 5 \u00dcbernachtungen und sparen k\u00f6nnen Sie 20 % auf den Mietpreis. Also schnell buchen, die Koffer packen und ab nach Sylt. Weitere Informationen zur Wohnung &hellip; <\/p>\n<p class=\"link-more\"><a href=\"http:\/\/alice-sylt.de\/?p=95\" class=\"more-link\"><span class=\"screen-reader-text\">\u201eLast Minute nach Sylt\u201c <\/span>weiterlesen<\/a><\/p>\n","protected":false},"author":1,"featured_media":308,"comment_status":"open","ping_status":"open","sticky":false,"template":"","format":"standard","meta":{"jetpack_post_was_ever_published":true,"_jetpack_newsletter_access":"","_jetpack_dont_email_post_to_subs":false,"_jetpack_newsletter_tier_id":0,"_jetpack_memberships_contains_paywalled_content":false,"_jetpack_memberships_contains_paid_content":false,"footnotes":"","jetpack_publicize_message":"","jetpack_publicize_feature_enabled":true,"jetpack_social_post_already_shared":true,"jetpack_social_options":{"image_generator_settings":{"template":"highway","default_image_id":0,"font":"","enabled":false},"version":2}},"categories":[3],"tags":[9,10,6,7],"class_list":["post-95","post","type-post","status-publish","format-standard","has-post-thumbnail","hentry","category-urlaub-auf-sylt","tag-ferienwohnung","tag-last-minute-sylt","tag-sylt","tag-urlaub"],"jetpack_publicize_connections":[],"jetpack_featured_media_url":"https:\/\/i0.wp.com\/alice-sylt.de\/wp-content\/uploads\/2019\/08\/Strand_08.19_2.jpg?fit=1400%2C933","jetpack_shortlink":"https:\/\/wp.me\/pa0lKb-1x","jetpack-related-posts":[],"jetpack_likes_enabled":true,"jetpack_sharing_enabled":true,"_links":{"self":[{"href":"http:\/\/alice-sylt.de\/index.php?rest_route=\/wp\/v2\/posts\/95","targetHints":{"allow":["GET"]}}],"collection":[{"href":"http:\/\/alice-sylt.de\/index.php?rest_route=\/wp\/v2\/posts"}],"about":[{"href":"http:\/\/alice-sylt.de\/index.php?rest_route=\/wp\/v2\/types\/post"}],"author":[{"embeddable":true,"href":"http:\/\/alice-sylt.de\/index.php?rest_route=\/wp\/v2\/users\/1"}],"replies":[{"embeddable":true,"href":"http:\/\/alice-sylt.de\/index.php?rest_route=%2Fwp%2Fv2%2Fcomments&post=95"}],"version-history":[{"count":10,"href":"http:\/\/alice-sylt.de\/index.php?rest_route=\/wp\/v2\/posts\/95\/revisions"}],"predecessor-version":[{"id":548,"href":"http:\/\/alice-sylt.de\/index.php?rest_route=\/wp\/v2\/posts\/95\/revisions\/548"}],"wp:featuredmedia":[{"embeddable":true,"href":"http:\/\/alice-sylt.de\/index.php?rest_route=\/wp\/v2\/media\/308"}],"wp:attachment":[{"href":"http:\/\/alice-sylt.de\/index.php?rest_route=%2Fwp%2Fv2%2Fmedia&parent=95"}],"wp:term":[{"taxonomy":"category","embeddable":true,"href":"http:\/\/alice-sylt.de\/index.php?rest_route=%2Fwp%2Fv2%2Fcategories&post=95"},{"taxonomy":"post_tag","embeddable":true,"href":"http:\/\/alice-sylt.de\/index.php?rest_route=%2Fwp%2Fv2%2Ftags&post=95"}],"curies":[{"name":"wp","href":"https:\/\/api.w.org\/{rel}","templated":true}]}}