{"id":56,"date":"2018-07-12T07:44:33","date_gmt":"2018-07-12T07:44:33","guid":{"rendered":"http:\/\/alice-sylt.de\/?p=56"},"modified":"2018-07-12T07:44:33","modified_gmt":"2018-07-12T07:44:33","slug":"sylter-wolken","status":"publish","type":"post","link":"http:\/\/alice-sylt.de\/?p=56","title":{"rendered":"Sylter Wolken"},"content":{"rendered":"<p>Viele Syltg\u00e4ste w\u00fcnschen sich im Urlaub einen wolkenlosen, blauen Himmel und Sonne von morgens bis abends. F\u00fcr einen Urlaub auf Sylt nicht ausgeschlossen aber auch nicht garantiert. Die Ursache hierf\u00fcr und Entsch\u00e4digung zugleich sind Wolken, je nach Wetterlage fantastische Wolkenbilder, manchmal auch dramatische. Aber immer eine gute Zeit um abzuschalten, sich zu erholen und neue Entdeckungen auf Sylt zu machen.<\/p>\n<p><img data-recalc-dims=\"1\" loading=\"lazy\" decoding=\"async\" data-attachment-id=\"123\" data-permalink=\"http:\/\/alice-sylt.de\/?attachment_id=123\" data-orig-file=\"https:\/\/i0.wp.com\/alice-sylt.de\/wp-content\/uploads\/2018\/07\/Wolken.jpg?fit=1200%2C896\" data-orig-size=\"1200,896\" data-comments-opened=\"1\" data-image-meta=\"{&quot;aperture&quot;:&quot;0&quot;,&quot;credit&quot;:&quot;&quot;,&quot;camera&quot;:&quot;&quot;,&quot;caption&quot;:&quot;&quot;,&quot;created_timestamp&quot;:&quot;0&quot;,&quot;copyright&quot;:&quot;&quot;,&quot;focal_length&quot;:&quot;0&quot;,&quot;iso&quot;:&quot;0&quot;,&quot;shutter_speed&quot;:&quot;0&quot;,&quot;title&quot;:&quot;&quot;,&quot;orientation&quot;:&quot;1&quot;}\" data-image-title=\"Wolken\" data-image-description=\"\" data-image-caption=\"\" data-large-file=\"https:\/\/i0.wp.com\/alice-sylt.de\/wp-content\/uploads\/2018\/07\/Wolken.jpg?fit=525%2C392\" class=\"alignnone size-medium wp-image-123\" src=\"https:\/\/i0.wp.com\/alice-sylt.de\/wp-content\/uploads\/2018\/07\/Wolken.jpg?resize=300%2C224\" alt=\"\" width=\"300\" height=\"224\" srcset=\"https:\/\/i0.wp.com\/alice-sylt.de\/wp-content\/uploads\/2018\/07\/Wolken.jpg?resize=300%2C224 300w, https:\/\/i0.wp.com\/alice-sylt.de\/wp-content\/uploads\/2018\/07\/Wolken.jpg?resize=768%2C573 768w, https:\/\/i0.wp.com\/alice-sylt.de\/wp-content\/uploads\/2018\/07\/Wolken.jpg?resize=1024%2C765 1024w, https:\/\/i0.wp.com\/alice-sylt.de\/wp-content\/uploads\/2018\/07\/Wolken.jpg?w=1200 1200w\" sizes=\"auto, (max-width: 300px) 100vw, 300px\" \/><\/p>\n<p>Sich \u00fcber einen nicht g\u00e4nzlich blauen Himmel zu \u00e4rgern hilft bestimmt nicht weiter, die Ursache einmal etwas genauer zu betrachten schon. Einfach einen Strandkorb am Meer suchen und sich von den vorbeiziehenden Wolkenbildern faszinieren lassen.<\/p>\n<p><img data-recalc-dims=\"1\" loading=\"lazy\" decoding=\"async\" data-attachment-id=\"124\" data-permalink=\"http:\/\/alice-sylt.de\/?attachment_id=124\" data-orig-file=\"https:\/\/i0.wp.com\/alice-sylt.de\/wp-content\/uploads\/2018\/07\/Wolken_1.jpg?fit=1200%2C896\" data-orig-size=\"1200,896\" data-comments-opened=\"1\" data-image-meta=\"{&quot;aperture&quot;:&quot;2.8&quot;,&quot;credit&quot;:&quot;&quot;,&quot;camera&quot;:&quot;iPhone 4&quot;,&quot;caption&quot;:&quot;&quot;,&quot;created_timestamp&quot;:&quot;1385307340&quot;,&quot;copyright&quot;:&quot;&quot;,&quot;focal_length&quot;:&quot;3.85&quot;,&quot;iso&quot;:&quot;80&quot;,&quot;shutter_speed&quot;:&quot;0.0019569471624266&quot;,&quot;title&quot;:&quot;&quot;,&quot;orientation&quot;:&quot;1&quot;}\" data-image-title=\"Wolken_1\" data-image-description=\"\" data-image-caption=\"\" data-large-file=\"https:\/\/i0.wp.com\/alice-sylt.de\/wp-content\/uploads\/2018\/07\/Wolken_1.jpg?fit=525%2C392\" class=\"alignnone size-medium wp-image-124\" src=\"https:\/\/i0.wp.com\/alice-sylt.de\/wp-content\/uploads\/2018\/07\/Wolken_1.jpg?resize=300%2C224\" alt=\"\" width=\"300\" height=\"224\" srcset=\"https:\/\/i0.wp.com\/alice-sylt.de\/wp-content\/uploads\/2018\/07\/Wolken_1.jpg?resize=300%2C224 300w, https:\/\/i0.wp.com\/alice-sylt.de\/wp-content\/uploads\/2018\/07\/Wolken_1.jpg?resize=768%2C573 768w, https:\/\/i0.wp.com\/alice-sylt.de\/wp-content\/uploads\/2018\/07\/Wolken_1.jpg?resize=1024%2C765 1024w, https:\/\/i0.wp.com\/alice-sylt.de\/wp-content\/uploads\/2018\/07\/Wolken_1.jpg?w=1200 1200w\" sizes=\"auto, (max-width: 300px) 100vw, 300px\" \/><\/p>\n<p>Das gute an den Sylter Wolken, genauso schnell wie sie \u00fcber Sylt aufziehen sind sie auch wieder verschwunden.<\/p>\n<p><img data-recalc-dims=\"1\" loading=\"lazy\" decoding=\"async\" data-attachment-id=\"126\" data-permalink=\"http:\/\/alice-sylt.de\/?attachment_id=126\" data-orig-file=\"https:\/\/i0.wp.com\/alice-sylt.de\/wp-content\/uploads\/2018\/07\/Wolken_3.jpg?fit=1200%2C800\" data-orig-size=\"1200,800\" data-comments-opened=\"1\" data-image-meta=\"{&quot;aperture&quot;:&quot;0&quot;,&quot;credit&quot;:&quot;&quot;,&quot;camera&quot;:&quot;&quot;,&quot;caption&quot;:&quot;&quot;,&quot;created_timestamp&quot;:&quot;0&quot;,&quot;copyright&quot;:&quot;&quot;,&quot;focal_length&quot;:&quot;0&quot;,&quot;iso&quot;:&quot;0&quot;,&quot;shutter_speed&quot;:&quot;0&quot;,&quot;title&quot;:&quot;&quot;,&quot;orientation&quot;:&quot;1&quot;}\" data-image-title=\"Wolken_3\" data-image-description=\"\" data-image-caption=\"\" data-large-file=\"https:\/\/i0.wp.com\/alice-sylt.de\/wp-content\/uploads\/2018\/07\/Wolken_3.jpg?fit=525%2C350\" class=\"alignnone size-medium wp-image-126\" src=\"https:\/\/i0.wp.com\/alice-sylt.de\/wp-content\/uploads\/2018\/07\/Wolken_3.jpg?resize=300%2C200\" alt=\"\" width=\"300\" height=\"200\" srcset=\"https:\/\/i0.wp.com\/alice-sylt.de\/wp-content\/uploads\/2018\/07\/Wolken_3.jpg?resize=300%2C200 300w, https:\/\/i0.wp.com\/alice-sylt.de\/wp-content\/uploads\/2018\/07\/Wolken_3.jpg?resize=768%2C512 768w, https:\/\/i0.wp.com\/alice-sylt.de\/wp-content\/uploads\/2018\/07\/Wolken_3.jpg?resize=1024%2C683 1024w, https:\/\/i0.wp.com\/alice-sylt.de\/wp-content\/uploads\/2018\/07\/Wolken_3.jpg?w=1200 1200w\" sizes=\"auto, (max-width: 300px) 100vw, 300px\" \/><\/p>\n<p>Eine gem\u00fctliche Ferienwohnung ist nat\u00fcrlich auch eine geeignete Alternative an Wolkentagen.<\/p>\n<p><a href=\"http:\/\/www.syltservice.de\">http:\/\/www.syltservice.de<\/a><\/p>\n","protected":false},"excerpt":{"rendered":"<p>Viele Syltg\u00e4ste w\u00fcnschen sich im Urlaub einen wolkenlosen, blauen Himmel und Sonne von morgens bis abends. F\u00fcr einen Urlaub auf Sylt nicht ausgeschlossen aber auch nicht garantiert. Die Ursache hierf\u00fcr und Entsch\u00e4digung zugleich sind Wolken, je nach Wetterlage fantastische Wolkenbilder, manchmal auch dramatische. Aber immer eine gute Zeit um abzuschalten, sich zu erholen und neue &hellip; <\/p>\n<p class=\"link-more\"><a href=\"http:\/\/alice-sylt.de\/?p=56\" class=\"more-link\"><span class=\"screen-reader-text\">\u201eSylter Wolken\u201c <\/span>weiterlesen<\/a><\/p>\n","protected":false},"author":1,"featured_media":125,"comment_status":"open","ping_status":"open","sticky":false,"template":"","format":"standard","meta":{"jetpack_post_was_ever_published":false,"_jetpack_newsletter_access":"","_jetpack_dont_email_post_to_subs":false,"_jetpack_newsletter_tier_id":0,"_jetpack_memberships_contains_paywalled_content":false,"_jetpack_memberships_contains_paid_content":false,"footnotes":"","jetpack_publicize_message":"","jetpack_publicize_feature_enabled":true,"jetpack_social_post_already_shared":true,"jetpack_social_options":{"image_generator_settings":{"template":"highway","default_image_id":0,"font":"","enabled":false},"version":2}},"categories":[1],"tags":[],"class_list":["post-56","post","type-post","status-publish","format-standard","has-post-thumbnail","hentry","category-sylter-natur"],"jetpack_publicize_connections":[],"jetpack_featured_media_url":"https:\/\/i0.wp.com\/alice-sylt.de\/wp-content\/uploads\/2018\/07\/Wolken_2.jpg?fit=1200%2C896","jetpack_shortlink":"https:\/\/wp.me\/pa0lKb-U","jetpack-related-posts":[],"jetpack_likes_enabled":true,"jetpack_sharing_enabled":true,"_links":{"self":[{"href":"http:\/\/alice-sylt.de\/index.php?rest_route=\/wp\/v2\/posts\/56","targetHints":{"allow":["GET"]}}],"collection":[{"href":"http:\/\/alice-sylt.de\/index.php?rest_route=\/wp\/v2\/posts"}],"about":[{"href":"http:\/\/alice-sylt.de\/index.php?rest_route=\/wp\/v2\/types\/post"}],"author":[{"embeddable":true,"href":"http:\/\/alice-sylt.de\/index.php?rest_route=\/wp\/v2\/users\/1"}],"replies":[{"embeddable":true,"href":"http:\/\/alice-sylt.de\/index.php?rest_route=%2Fwp%2Fv2%2Fcomments&post=56"}],"version-history":[{"count":2,"href":"http:\/\/alice-sylt.de\/index.php?rest_route=\/wp\/v2\/posts\/56\/revisions"}],"predecessor-version":[{"id":127,"href":"http:\/\/alice-sylt.de\/index.php?rest_route=\/wp\/v2\/posts\/56\/revisions\/127"}],"wp:featuredmedia":[{"embeddable":true,"href":"http:\/\/alice-sylt.de\/index.php?rest_route=\/wp\/v2\/media\/125"}],"wp:attachment":[{"href":"http:\/\/alice-sylt.de\/index.php?rest_route=%2Fwp%2Fv2%2Fmedia&parent=56"}],"wp:term":[{"taxonomy":"category","embeddable":true,"href":"http:\/\/alice-sylt.de\/index.php?rest_route=%2Fwp%2Fv2%2Fcategories&post=56"},{"taxonomy":"post_tag","embeddable":true,"href":"http:\/\/alice-sylt.de\/index.php?rest_route=%2Fwp%2Fv2%2Ftags&post=56"}],"curies":[{"name":"wp","href":"https:\/\/api.w.org\/{rel}","templated":true}]}}