{"id":161,"date":"2018-08-13T13:35:11","date_gmt":"2018-08-13T13:35:11","guid":{"rendered":"http:\/\/alice-sylt.de\/?p=161"},"modified":"2018-08-13T13:35:11","modified_gmt":"2018-08-13T13:35:11","slug":"sylt-im-august","status":"publish","type":"post","link":"http:\/\/alice-sylt.de\/?p=161","title":{"rendered":"Sylt im August"},"content":{"rendered":"<p>Nach 12 Wochen ohne erw\u00e4hnenswerten Regen und t\u00e4glich Sonne von Morgens bis Abends ist die derzeitige Abk\u00fchlung richtig angenehm.<\/p>\n<p><img data-recalc-dims=\"1\" loading=\"lazy\" decoding=\"async\" data-attachment-id=\"163\" data-permalink=\"http:\/\/alice-sylt.de\/?attachment_id=163\" data-orig-file=\"https:\/\/i0.wp.com\/alice-sylt.de\/wp-content\/uploads\/2018\/08\/Sylter_Strand_1.jpg?fit=1600%2C1200\" data-orig-size=\"1600,1200\" data-comments-opened=\"1\" data-image-meta=\"{&quot;aperture&quot;:&quot;0&quot;,&quot;credit&quot;:&quot;&quot;,&quot;camera&quot;:&quot;&quot;,&quot;caption&quot;:&quot;&quot;,&quot;created_timestamp&quot;:&quot;0&quot;,&quot;copyright&quot;:&quot;&quot;,&quot;focal_length&quot;:&quot;0&quot;,&quot;iso&quot;:&quot;0&quot;,&quot;shutter_speed&quot;:&quot;0&quot;,&quot;title&quot;:&quot;&quot;,&quot;orientation&quot;:&quot;0&quot;}\" data-image-title=\"Sylter_Strand_1\" data-image-description=\"\" data-image-caption=\"\" data-large-file=\"https:\/\/i0.wp.com\/alice-sylt.de\/wp-content\/uploads\/2018\/08\/Sylter_Strand_1.jpg?fit=525%2C394\" class=\"alignnone size-medium wp-image-163\" src=\"https:\/\/i0.wp.com\/alice-sylt.de\/wp-content\/uploads\/2018\/08\/Sylter_Strand_1.jpg?resize=300%2C225\" alt=\"\" width=\"300\" height=\"225\" srcset=\"https:\/\/i0.wp.com\/alice-sylt.de\/wp-content\/uploads\/2018\/08\/Sylter_Strand_1.jpg?resize=300%2C225 300w, https:\/\/i0.wp.com\/alice-sylt.de\/wp-content\/uploads\/2018\/08\/Sylter_Strand_1.jpg?resize=768%2C576 768w, https:\/\/i0.wp.com\/alice-sylt.de\/wp-content\/uploads\/2018\/08\/Sylter_Strand_1.jpg?resize=1024%2C768 1024w, https:\/\/i0.wp.com\/alice-sylt.de\/wp-content\/uploads\/2018\/08\/Sylter_Strand_1.jpg?w=1600 1600w\" sizes=\"auto, (max-width: 300px) 100vw, 300px\" \/><\/p>\n<p>Kurz durchatmen bevor der Sommer wieder richtig durchstartet.<\/p>\n","protected":false},"excerpt":{"rendered":"<p>Nach 12 Wochen ohne erw\u00e4hnenswerten Regen und t\u00e4glich Sonne von Morgens bis Abends ist die derzeitige Abk\u00fchlung richtig angenehm. Kurz durchatmen bevor der Sommer wieder richtig durchstartet.<\/p>\n","protected":false},"author":1,"featured_media":162,"comment_status":"open","ping_status":"open","sticky":false,"template":"","format":"standard","meta":{"jetpack_post_was_ever_published":false,"_jetpack_newsletter_access":"","_jetpack_dont_email_post_to_subs":false,"_jetpack_newsletter_tier_id":0,"_jetpack_memberships_contains_paywalled_content":false,"_jetpack_memberships_contains_paid_content":false,"footnotes":"","jetpack_publicize_message":"","jetpack_publicize_feature_enabled":true,"jetpack_social_post_already_shared":true,"jetpack_social_options":{"image_generator_settings":{"template":"highway","default_image_id":0,"font":"","enabled":false},"version":2}},"categories":[3],"tags":[],"class_list":["post-161","post","type-post","status-publish","format-standard","has-post-thumbnail","hentry","category-urlaub-auf-sylt"],"jetpack_publicize_connections":[],"jetpack_featured_media_url":"https:\/\/i0.wp.com\/alice-sylt.de\/wp-content\/uploads\/2018\/08\/Sylter_Strand.jpg?fit=1600%2C1200","jetpack_shortlink":"https:\/\/wp.me\/pa0lKb-2B","jetpack-related-posts":[],"jetpack_likes_enabled":true,"jetpack_sharing_enabled":true,"_links":{"self":[{"href":"http:\/\/alice-sylt.de\/index.php?rest_route=\/wp\/v2\/posts\/161","targetHints":{"allow":["GET"]}}],"collection":[{"href":"http:\/\/alice-sylt.de\/index.php?rest_route=\/wp\/v2\/posts"}],"about":[{"href":"http:\/\/alice-sylt.de\/index.php?rest_route=\/wp\/v2\/types\/post"}],"author":[{"embeddable":true,"href":"http:\/\/alice-sylt.de\/index.php?rest_route=\/wp\/v2\/users\/1"}],"replies":[{"embeddable":true,"href":"http:\/\/alice-sylt.de\/index.php?rest_route=%2Fwp%2Fv2%2Fcomments&post=161"}],"version-history":[{"count":1,"href":"http:\/\/alice-sylt.de\/index.php?rest_route=\/wp\/v2\/posts\/161\/revisions"}],"predecessor-version":[{"id":164,"href":"http:\/\/alice-sylt.de\/index.php?rest_route=\/wp\/v2\/posts\/161\/revisions\/164"}],"wp:featuredmedia":[{"embeddable":true,"href":"http:\/\/alice-sylt.de\/index.php?rest_route=\/wp\/v2\/media\/162"}],"wp:attachment":[{"href":"http:\/\/alice-sylt.de\/index.php?rest_route=%2Fwp%2Fv2%2Fmedia&parent=161"}],"wp:term":[{"taxonomy":"category","embeddable":true,"href":"http:\/\/alice-sylt.de\/index.php?rest_route=%2Fwp%2Fv2%2Fcategories&post=161"},{"taxonomy":"post_tag","embeddable":true,"href":"http:\/\/alice-sylt.de\/index.php?rest_route=%2Fwp%2Fv2%2Ftags&post=161"}],"curies":[{"name":"wp","href":"https:\/\/api.w.org\/{rel}","templated":true}]}}